{"id":40,"date":"2020-02-19T11:11:41","date_gmt":"2020-02-19T10:11:41","guid":{"rendered":"http:\/\/parcorenai.it\/parco-renai-blog\/?p=40"},"modified":"2022-07-12T13:06:12","modified_gmt":"2022-07-12T11:06:12","slug":"flowers-park-2020","status":"publish","type":"post","link":"https:\/\/parcorenai.it\/parco-renai-blog\/2020\/02\/19\/flowers-park-2020\/","title":{"rendered":"Flower&#8217;s Park 2020"},"content":{"rendered":"<p><a href=\"http:\/\/parcorenai.it\/parco-renai-blog\/wp-content\/uploads\/2020\/02\/Schermata-2020-03-09-alle-17.28.49.png\"><img loading=\"lazy\" decoding=\"async\" class=\"size-medium wp-image-45 alignleft\" src=\"http:\/\/parcorenai.it\/parco-renai-blog\/wp-content\/uploads\/2020\/02\/Schermata-2020-03-09-alle-17.28.49-300x215.png\" alt=\"Schermata 2020-03-09 alle 17.28.49\" width=\"300\" height=\"215\" srcset=\"https:\/\/parcorenai.it\/parco-renai-blog\/wp-content\/uploads\/2020\/02\/Schermata-2020-03-09-alle-17.28.49-300x215.png 300w, https:\/\/parcorenai.it\/parco-renai-blog\/wp-content\/uploads\/2020\/02\/Schermata-2020-03-09-alle-17.28.49-768x551.png 768w, https:\/\/parcorenai.it\/parco-renai-blog\/wp-content\/uploads\/2020\/02\/Schermata-2020-03-09-alle-17.28.49-1024x734.png 1024w, https:\/\/parcorenai.it\/parco-renai-blog\/wp-content\/uploads\/2020\/02\/Schermata-2020-03-09-alle-17.28.49.png 1464w\" sizes=\"(max-width: 300px) 100vw, 300px\" \/><\/a><br \/>\nVi annunciamo la Seconda edizione di Flower&#8217;s park 2020, mostra mercato di piante, fiori e oggettistica. Tantissimi espositori da diverse citt\u00e0 tante novit\u00e0 2020.<\/p>\n<p>L&#8217;evento si terr\u00e0 nelle date del 14 e 15 Marzo 2020 orario 11 &#8211; 19 con INGRESSO LIBERO<\/p>\n<p>ecco come raggiungerci <a href=\"https:\/\/goo.gl\/maps\/maiWFSXgCae3yB6t7\">LINK<\/a><\/p>\n<p>Vi aspettiamo numerosi<\/p>\n","protected":false},"excerpt":{"rendered":"<p>Vi annunciamo la Seconda edizione di Flower&#8217;s park 2020, mostra mercato di piante, fiori e oggettistica. Tantissimi espositori da diverse citt\u00e0 tante novit\u00e0 2020. L&#8217;evento si terr\u00e0 nelle date del 14 e 15 Marzo 2020 orario 11 &#8211; 19 con INGRESSO LIBERO ecco come raggiungerci LINK Vi aspettiamo numerosi<\/p>\n","protected":false},"author":1,"featured_media":44,"comment_status":"closed","ping_status":"open","sticky":false,"template":"","format":"standard","meta":{"footnotes":""},"categories":[1],"tags":[],"_links":{"self":[{"href":"https:\/\/parcorenai.it\/parco-renai-blog\/wp-json\/wp\/v2\/posts\/40"}],"collection":[{"href":"https:\/\/parcorenai.it\/parco-renai-blog\/wp-json\/wp\/v2\/posts"}],"about":[{"href":"https:\/\/parcorenai.it\/parco-renai-blog\/wp-json\/wp\/v2\/types\/post"}],"author":[{"embeddable":true,"href":"https:\/\/parcorenai.it\/parco-renai-blog\/wp-json\/wp\/v2\/users\/1"}],"replies":[{"embeddable":true,"href":"https:\/\/parcorenai.it\/parco-renai-blog\/wp-json\/wp\/v2\/comments?post=40"}],"version-history":[{"count":3,"href":"https:\/\/parcorenai.it\/parco-renai-blog\/wp-json\/wp\/v2\/posts\/40\/revisions"}],"predecessor-version":[{"id":47,"href":"https:\/\/parcorenai.it\/parco-renai-blog\/wp-json\/wp\/v2\/posts\/40\/revisions\/47"}],"wp:featuredmedia":[{"embeddable":true,"href":"https:\/\/parcorenai.it\/parco-renai-blog\/wp-json\/wp\/v2\/media\/44"}],"wp:attachment":[{"href":"https:\/\/parcorenai.it\/parco-renai-blog\/wp-json\/wp\/v2\/media?parent=40"}],"wp:term":[{"taxonomy":"category","embeddable":true,"href":"https:\/\/parcorenai.it\/parco-renai-blog\/wp-json\/wp\/v2\/categories?post=40"},{"taxonomy":"post_tag","embeddable":true,"href":"https:\/\/parcorenai.it\/parco-renai-blog\/wp-json\/wp\/v2\/tags?post=40"}],"curies":[{"name":"wp","href":"https:\/\/api.w.org\/{rel}","templated":true}]}}